{"id":16319,"date":"2000-08-15T12:00:00","date_gmt":"2015-03-22T16:00:00","guid":{"rendered":""},"modified":"-0001-11-30T00:00:00","modified_gmt":"-0001-11-30T04:00:00","slug":"ANEEL-396","status":"publish","type":"post","link":"http:\/\/sindenergia.com.br\/seminario\/?p=16319","title":{"rendered":"Extrato da Reuni\u00e3o Ordin\u00e1ria da Diretoriada ANEEL Realizada em 15 de agosto de 2000"},"content":{"rendered":"<p><b>Fonte: <\/b><a href='http:\/\/www.aneel.gov.br\/aplicacoes\/noticias\/Output_Noticias.cfm?Identidade=396&#038;id_area=90'><b>ANEEL<\/b><\/a>Extrato da Reuni\u00e3o Ordin\u00e1ria da Diretoria<br \/>\nda ANEEL Realizada em 15 de agosto de 2000<\/p>\n<p>1. AMPLIA\u00c7\u00c3O DE GERA\u00c7\u00c3O:<\/p>\n<p>? Autoriza\u00e7\u00e3o, com fins de regulariza\u00e7\u00e3o, para a Centrais El\u00e9tricas Matogrossenses S\/A &#8211; CEMAT ampliar a capacidade da central termel\u00e9trica, denominada UTE Canarana em 1.828 kW, totalizando 6.748 kW de pot\u00eancia instalada e utilizando como combust\u00edvel \u00d3leo Diesel, localizada no Munic\u00edpio de Canarana, Estado de Mato Grosso. <\/p>\n<p>? Autoriza\u00e7\u00e3o para a Centrais El\u00e9tricas Matogrossenses S\/A ? CEMAT ampliar, at\u00e9 30 de setembro de 2000, em 876 kW, a capacidade instalada da central termel\u00e9trica denominada UTE S\u00e3o Jos\u00e9 do Rio Claro, que passar\u00e1 a totalizar 5.224 kW, utilizando como combust\u00edvel \u00d3leo Diesel, localizada no Munic\u00edpio de S\u00e3o Jos\u00e9 do Rio Claro, Estado de Mato Grosso. <\/p>\n<p>2. AUTORIZA\u00c7\u00c3O PARA AGENTE COMERCIALIZADOR<\/p>\n<p>? Autoriza\u00e7\u00e3o para a Itamb\u00e9 Energia S\/A, com sede na Rodovia Curitiba ? Ponta Grossa, BR 277 n\u00b0 125, Curitiba &#8211; Paran\u00e1, atuar como Agente Comercializador de Energia El\u00e9trica no \u00e2mbito do Mercado Atacadista de Energia El\u00e9trica ? MAE. Trata-se da 20\u00aa autoriza\u00e7\u00e3o para Agente Comercializador concedida pela ANEEL.  <\/p>\n<p>3.   AUTORIZA\u00c7\u00c3O PARA EMPREENDIMENTOS DE TRANSMISS\u00c3O<\/p>\n<p>? Autoriza\u00e7\u00e3o para a Companhia Estadual de Energia El\u00e9trica ? CEEE implantar os seguintes empreendimentos integrantes da Rede B\u00e1sica do sistema el\u00e9trico interligado no Estado do Rio Grande do Sul:<br \/>\nI &#8211; SE Santa Maria 3 ? instala\u00e7\u00e3o do segundo transformador 230\/69 kV ? 83 MVA, localizada no munic\u00edpio de Santa Maria\/RS. Prazo para o t\u00e9rmino da obra 30 de mar\u00e7o de 2001.<br \/>\nII ? SE Guarita ? instala\u00e7\u00e3o do segundo transformador 230\/69 kV ? 83 MVA, localizada no Munic\u00edpio de Erval Seco\/RS. Prazo para o t\u00e9rmino da obra 28 de fevereiro de 2001.<br \/>\nIII ? Linha de Transmiss\u00e3o Gravata\u00ed 2 ? Porto Alegre 6 ? C3, em 230 kV, localizada nos Munic\u00edpios de Gravata\u00ed e Porto Alegre\/RS. Prazo para o t\u00e9rmino da obra 30 de maio de 2001.<br \/>\nIV ? SE Porto Alegre 13 ? instala\u00e7\u00e3o do segundo transformador 230\/13,8 kV ? 50 MVA, localizada no Munic\u00edpio de Porto Alegre\/RS. Prazo para t\u00e9rmino da obra 30 de dezembro de 2000.<br \/>\nV ? SE Os\u00f3rio 2 ? instala\u00e7\u00e3o do terceiro transformador 230\/69 kV ? 83 MVA, localizada no Munic\u00edpio de Os\u00f3rio\/RS. Prazo para o t\u00e9rmino da obra 28 de fevereiro de 2001.<\/p>\n<p>? Estabelecimento dos valores da receita anual permitida e autoriza\u00e7\u00e3o para refor\u00e7os e amplia\u00e7\u00f5es em instala\u00e7\u00f5es de transmiss\u00e3o de energia el\u00e9trica integrantes da Rede B\u00e1sica do sistema el\u00e9trico interligado da Companhia Estadual de Energia El\u00e9trica ? CEEE, para os empreendimentos SE Quinta e SE Scharlau. <\/p>\n<p>? Estabelecimento dos valores das receitas anuais permitidas e inclus\u00e3o de instala\u00e7\u00e3o de transmiss\u00e3o energia  el\u00e9trica da empresa Transmissora de Energia El\u00e9trica do Sul do Brasil S\/A ? ELETROSUL na composi\u00e7\u00e3o da Rede B\u00e1sica do sistema el\u00e9trico interligado para os  empreendimentos SE It\u00e1, SE Santo \u00c2ngelo e SE Gravata\u00ed. <\/p>\n<p>? Outorga \u00e0 Companhia Energ\u00e9tica de Minas Gerais &#8211; CEMIG concess\u00e3o de Servi\u00e7o P\u00fablico de Transmiss\u00e3o de Energia El\u00e9trica para implanta\u00e7\u00e3o, opera\u00e7\u00e3o e manuten\u00e7\u00e3o da Subesta\u00e7\u00e3o Itajub\u00e1 3, localizada no Munic\u00edpio de Itajub\u00e1, Estado de Minas Gerais, com entrada em opera\u00e7\u00e3o previsto para ocorrer at\u00e9 16 meses ap\u00f3s a assinatura do contrato de concess\u00e3o. <\/p>\n<p>? Defini\u00e7\u00e3o dos Percentuais de Redu\u00e7\u00e3o das Tarifas de Transmiss\u00e3o e Distribui\u00e7\u00e3o para as PCH\u00b4S que est\u00e3o sendo reativadas. Aprovada a redu\u00e7\u00e3o de 100% das Tarifas de Transmiss\u00e3o e Distribui\u00e7\u00e3o para as PCH?s que entrarem em opera\u00e7\u00e3o at\u00e9 Dez\/2003. <\/p>\n<p>? Autoriza\u00e7\u00e3o para a Companhia Hidro El\u00e9trica do S\u00e3o Francisco ? CHESF instalar dois bancos de capacitores s\u00e9rie, em 230 kV, sendo um de 65,6 MVAr na Subesta\u00e7\u00e3o Irec\u00ea e outro de 86,6 MVAr na Subesta\u00e7\u00e3o de Bom Jesus da Lapa, no Estado da Bahia, com entrada em opera\u00e7\u00e3o at\u00e9 30 de junho de 2001.  <\/p>\n<p>4.   OUTRAS DECIS\u00d5ES:<\/p>\n<p>? Homologa\u00e7\u00e3o das Tarifas de Energia El\u00e9trica, no Subgrupo B-4 ? Ilumina\u00e7\u00e3o P\u00fablica, para atendimento aos consumidores de energia el\u00e9trica da Jarcel Celulose S\/A que atua no Munic\u00edpio de Almeirim, Estado do Par\u00e1. <\/p>\n<p>? Revis\u00e3o da receita permitida de transmiss\u00e3o da Companhia Estadual de Energia El\u00e9trica ? CEEE em raz\u00e3o da eleva\u00e7\u00e3o da al\u00edquota da Contribui\u00e7\u00e3o para o Financiamento da Seguridade Social ?COFINS, de 2% para 3%.<\/p>\n<p>? Or\u00e7amento econ\u00f4mico do Operador Nacional do Sistema El\u00e9trico ? ONS, para o exerc\u00edcio de 2000, no valor global de R$ 128.793.000,00 (cento e vinte e oito milh\u00f5es setecentos e noventa e tr\u00eas mil reais), sendo R$ 93.148.000,00 (noventa e tr\u00eas milh\u00f5es cento e quarenta e oito mil reais) para custeio e R$ 35.645.000,00 (trinta e cinco milh\u00f5es seiscentos e quarenta e cinco mil reais) para investimento.<\/p>\n<p>5.     PUNI\u00c7\u00c3O<\/p>\n<p>?  Suspens\u00e3o da COELCE e seu grupo controlador de participar em licita\u00e7\u00f5es do setor el\u00e9trico em fun\u00e7\u00e3o de falhas e transgress\u00f5es \u00e0 Legisla\u00e7\u00e3o e ao Contrato de Concess\u00e3o pela Companhia Energ\u00e9tica do Cear\u00e1 .<\/p>\n","protected":false},"excerpt":{"rendered":"<p>Fonte: ANEELExtrato da Reuni\u00e3o Ordin\u00e1ria da Diretoria da ANEEL Realizada em 15 de agosto de 2000 1. AMPLIA\u00c7\u00c3O DE GERA\u00c7\u00c3O: ? Autoriza\u00e7\u00e3o, com fins de regulariza\u00e7\u00e3o, para a Centrais El\u00e9tricas Matogrossenses S\/A &#8211; CEMAT ampliar a capacidade da central termel\u00e9trica, denominada UTE Canarana em 1.828 kW, totalizando 6.748 kW de pot\u00eancia instalada e utilizando como [&hellip;]<\/p>\n","protected":false},"author":4,"featured_media":0,"comment_status":"open","ping_status":"open","sticky":false,"template":"","format":"standard","meta":[],"categories":[],"tags":[],"_links":{"self":[{"href":"http:\/\/sindenergia.com.br\/seminario\/index.php?rest_route=\/wp\/v2\/posts\/16319"}],"collection":[{"href":"http:\/\/sindenergia.com.br\/seminario\/index.php?rest_route=\/wp\/v2\/posts"}],"about":[{"href":"http:\/\/sindenergia.com.br\/seminario\/index.php?rest_route=\/wp\/v2\/types\/post"}],"author":[{"embeddable":true,"href":"http:\/\/sindenergia.com.br\/seminario\/index.php?rest_route=\/wp\/v2\/users\/4"}],"replies":[{"embeddable":true,"href":"http:\/\/sindenergia.com.br\/seminario\/index.php?rest_route=%2Fwp%2Fv2%2Fcomments&post=16319"}],"version-history":[{"count":0,"href":"http:\/\/sindenergia.com.br\/seminario\/index.php?rest_route=\/wp\/v2\/posts\/16319\/revisions"}],"wp:attachment":[{"href":"http:\/\/sindenergia.com.br\/seminario\/index.php?rest_route=%2Fwp%2Fv2%2Fmedia&parent=16319"}],"wp:term":[{"taxonomy":"category","embeddable":true,"href":"http:\/\/sindenergia.com.br\/seminario\/index.php?rest_route=%2Fwp%2Fv2%2Fcategories&post=16319"},{"taxonomy":"post_tag","embeddable":true,"href":"http:\/\/sindenergia.com.br\/seminario\/index.php?rest_route=%2Fwp%2Fv2%2Ftags&post=16319"}],"curies":[{"name":"wp","href":"https:\/\/api.w.org\/{rel}","templated":true}]}}