{"id":16317,"date":"2000-08-24T12:00:00","date_gmt":"2015-03-22T16:00:00","guid":{"rendered":""},"modified":"-0001-11-30T00:00:00","modified_gmt":"-0001-11-30T04:00:00","slug":"ANEEL-398","status":"publish","type":"post","link":"http:\/\/sindenergia.com.br\/seminario\/?p=16317","title":{"rendered":"Distribuidora goiana assina Contrato de Concess\u00e3o com a ANEEL"},"content":{"rendered":"<p><b>Fonte: <\/b><a href='http:\/\/www.aneel.gov.br\/aplicacoes\/noticias\/Output_Noticias.cfm?Identidade=398&#038;id_area=90'><b>ANEEL<\/b><\/a>Distribuidora goiana assina<br \/>\nContrato de Concess\u00e3o com a ANEEL<\/p>\n<p>O diretor-geral da Ag\u00eancia Nacional de Energia El\u00e9trica (ANEEL), Jos\u00e9 M\u00e1rio Miranda Abdo, assinar\u00e1, nesta sexta-feira (25\/8), \u00e0s 11 h, em Palmeiras de Goi\u00e1s (GO), Contrato de Concess\u00e3o (distribui\u00e7\u00e3o e gera\u00e7\u00e3o) com a Companhia Energ\u00e9tica de Goi\u00e1s (Celg). A solenidade contar\u00e1 com a presen\u00e7a do governador de Goi\u00e1s, Marconi Perillo, e do presidente da empresa, Cl\u00f3vis de Oliveira.<br \/>\nO Contrato de Concess\u00e3o de Distribui\u00e7\u00e3o com a Celg, v\u00e1lido por 20 anos, prev\u00ea a revis\u00e3o dos padr\u00f5es de qualidade dos servi\u00e7os de energia el\u00e9trica a cada cinco anos, revis\u00f5es tarif\u00e1rias a cada quatro anos, reajustes anuais, universaliza\u00e7\u00e3o do atendimento em \u00e1reas rurais e \u00e0 popula\u00e7\u00e3o de baixa renda e aplica\u00e7\u00e3o de R$ 6,6 milh\u00f5es em programas de efici\u00eancia energ\u00e9tica (combate ao desperd\u00edcio de energia, pesquisa e desenvolvimento), o que equivale a 1% da receita anual, conforme prev\u00ea a Resolu\u00e7\u00e3o n\u00ba 242 da ANEEL, entre outras metas e obriga\u00e7\u00f5es.<br \/>\nO Contrato de Concess\u00e3o de Gera\u00e7\u00e3o, tamb\u00e9m a ser assinado, regula a explora\u00e7\u00e3o das centrais geradoras Rochedo (4 MW), localizada no munic\u00edpio de Piracanjuba, e S\u00e3o Domingos (12 MW), situada no munic\u00edpio de mesmo nome, ambas em Goi\u00e1s, e das respectivas instala\u00e7\u00f5es de transmiss\u00e3o dessas usinas. O t\u00e9rmino de concess\u00e3o das usinas foi fixado em 2011 (S\u00e3o Domingos) e 2015 (Rochedo). A energia gerada pelas duas centrais \u00e9 suficiente para atender a cerca de 180 mil habitantes.<br \/>\nA concession\u00e1ria fornece energia el\u00e9trica para 90% dos munic\u00edpios de Goi\u00e1s (233 localidades). Ao todo, a empresa atende aproximadamente 1,250 milh\u00e3o de unidades consumidoras (cerca de 3,7 milh\u00f5es de habitantes) nas diversas classes de consumo (resid\u00eancias, ind\u00fastrias, com\u00e9rcio, poder p\u00fablico e \u00e1rea rural). A Celg iniciou suas atividades em agosto de 1955.<br \/>\nDas 64 concession\u00e1rias de distribui\u00e7\u00e3o de energia el\u00e9trica existentes no Brasil, 45 j\u00e1 possuem contratos de concess\u00e3o assinados. Juntas, al\u00e9m da Celg, essas empresas representam 88,4% do mercado nacional. Na Regi\u00e3o Centro-Oeste, j\u00e1 foram assinados contratos com a CHESP (Goi\u00e1s), CEB (Distrito Federal), CEMAT (Mato grosso) e ENERSUL (Mato Grosso do Sul). A Celg \u00e9 uma empresa de capital estatal, controlada pelo Governo do Estado de Goi\u00e1s.<\/p>\n","protected":false},"excerpt":{"rendered":"<p>Fonte: ANEELDistribuidora goiana assina Contrato de Concess\u00e3o com a ANEEL O diretor-geral da Ag\u00eancia Nacional de Energia El\u00e9trica (ANEEL), Jos\u00e9 M\u00e1rio Miranda Abdo, assinar\u00e1, nesta sexta-feira (25\/8), \u00e0s 11 h, em Palmeiras de Goi\u00e1s (GO), Contrato de Concess\u00e3o (distribui\u00e7\u00e3o e gera\u00e7\u00e3o) com a Companhia Energ\u00e9tica de Goi\u00e1s (Celg). A solenidade contar\u00e1 com a presen\u00e7a do [&hellip;]<\/p>\n","protected":false},"author":4,"featured_media":0,"comment_status":"open","ping_status":"open","sticky":false,"template":"","format":"standard","meta":[],"categories":[],"tags":[],"_links":{"self":[{"href":"http:\/\/sindenergia.com.br\/seminario\/index.php?rest_route=\/wp\/v2\/posts\/16317"}],"collection":[{"href":"http:\/\/sindenergia.com.br\/seminario\/index.php?rest_route=\/wp\/v2\/posts"}],"about":[{"href":"http:\/\/sindenergia.com.br\/seminario\/index.php?rest_route=\/wp\/v2\/types\/post"}],"author":[{"embeddable":true,"href":"http:\/\/sindenergia.com.br\/seminario\/index.php?rest_route=\/wp\/v2\/users\/4"}],"replies":[{"embeddable":true,"href":"http:\/\/sindenergia.com.br\/seminario\/index.php?rest_route=%2Fwp%2Fv2%2Fcomments&post=16317"}],"version-history":[{"count":0,"href":"http:\/\/sindenergia.com.br\/seminario\/index.php?rest_route=\/wp\/v2\/posts\/16317\/revisions"}],"wp:attachment":[{"href":"http:\/\/sindenergia.com.br\/seminario\/index.php?rest_route=%2Fwp%2Fv2%2Fmedia&parent=16317"}],"wp:term":[{"taxonomy":"category","embeddable":true,"href":"http:\/\/sindenergia.com.br\/seminario\/index.php?rest_route=%2Fwp%2Fv2%2Fcategories&post=16317"},{"taxonomy":"post_tag","embeddable":true,"href":"http:\/\/sindenergia.com.br\/seminario\/index.php?rest_route=%2Fwp%2Fv2%2Ftags&post=16317"}],"curies":[{"name":"wp","href":"https:\/\/api.w.org\/{rel}","templated":true}]}}