{"id":16316,"date":"2000-08-25T12:00:00","date_gmt":"2015-03-22T16:00:00","guid":{"rendered":""},"modified":"-0001-11-30T00:00:00","modified_gmt":"-0001-11-30T04:00:00","slug":"ANEEL-399","status":"publish","type":"post","link":"http:\/\/sindenergia.com.br\/seminario\/?p=16316","title":{"rendered":"ANEEL autoriza reajuste de duas distribuidoras: Elektro (SP) e Forcel (PR)"},"content":{"rendered":"<p><b>Fonte: <\/b><a href='http:\/\/www.aneel.gov.br\/aplicacoes\/noticias\/Output_Noticias.cfm?Identidade=399&#038;id_area=90'><b>ANEEL<\/b><\/a>Nota \u00e0 Imprensa<br \/>\n25 de agosto de 2000<\/p>\n<p>ANEEL autoriza reajuste de duas<br \/>\ndistribuidoras: Elektro (SP) e Forcel (PR)<\/p>\n<p>A Ag\u00eancia Nacional de Energia El\u00e9trica (ANEEL) autorizou ontem (24\/08) os \u00edndices de reajuste anual das tarifas aos consumidores de duas distribuidoras de energia das regi\u00f5es Sul e Sudeste ? FORCEL e ELEKTRO. Os reajustes come\u00e7am a valer a partir 26 e 27 de agosto, respectivamente, ap\u00f3s a publica\u00e7\u00e3o no Di\u00e1rio Oficial. As tarifas autorizadas s\u00e3o limites m\u00e1ximos, portanto as distribuidoras podem praticar valores inferiores.<br \/>\n De acordo com os contratos, os aumentos refletem a varia\u00e7\u00e3o dos custos: varia\u00e7\u00e3o da receita anual relativa a impostos e encargos ? RGR, custo de conex\u00e3o, taxa de fiscaliza\u00e7\u00e3o, COFINS e energia comprada; e varia\u00e7\u00e3o do IGP-M sobre os custos gerenci\u00e1veis.<br \/>\nO \u00edndice agora autorizado j\u00e1 contempla a concatena\u00e7\u00e3o das datas dos reajustes destas distribuidoras com as geradoras das quais compram energia. No caso da Elektro, as geradoras s\u00e3o Paranapanema, Tiet\u00ea e Cesp, que tiveram seus aumentos autorizados no dia 11 de agosto. A Forcel compra energia da Copel, que tamb\u00e9m teve aumento no dia 11 de agosto.<\/p>\n<pre>\t\t\t\t\r\nEMPRESA\t\u00cdNDICE\r\n\tEstado\tConsumidores\tMunic\u00edpios Atendidos\r\n<\/pre>\n","protected":false},"excerpt":{"rendered":"<p>Fonte: ANEELNota \u00e0 Imprensa 25 de agosto de 2000 ANEEL autoriza reajuste de duas distribuidoras: Elektro (SP) e Forcel (PR) A Ag\u00eancia Nacional de Energia El\u00e9trica (ANEEL) autorizou ontem (24\/08) os \u00edndices de reajuste anual das tarifas aos consumidores de duas distribuidoras de energia das regi\u00f5es Sul e Sudeste ? FORCEL e ELEKTRO. Os reajustes [&hellip;]<\/p>\n","protected":false},"author":4,"featured_media":0,"comment_status":"open","ping_status":"open","sticky":false,"template":"","format":"standard","meta":[],"categories":[],"tags":[],"_links":{"self":[{"href":"http:\/\/sindenergia.com.br\/seminario\/index.php?rest_route=\/wp\/v2\/posts\/16316"}],"collection":[{"href":"http:\/\/sindenergia.com.br\/seminario\/index.php?rest_route=\/wp\/v2\/posts"}],"about":[{"href":"http:\/\/sindenergia.com.br\/seminario\/index.php?rest_route=\/wp\/v2\/types\/post"}],"author":[{"embeddable":true,"href":"http:\/\/sindenergia.com.br\/seminario\/index.php?rest_route=\/wp\/v2\/users\/4"}],"replies":[{"embeddable":true,"href":"http:\/\/sindenergia.com.br\/seminario\/index.php?rest_route=%2Fwp%2Fv2%2Fcomments&post=16316"}],"version-history":[{"count":0,"href":"http:\/\/sindenergia.com.br\/seminario\/index.php?rest_route=\/wp\/v2\/posts\/16316\/revisions"}],"wp:attachment":[{"href":"http:\/\/sindenergia.com.br\/seminario\/index.php?rest_route=%2Fwp%2Fv2%2Fmedia&parent=16316"}],"wp:term":[{"taxonomy":"category","embeddable":true,"href":"http:\/\/sindenergia.com.br\/seminario\/index.php?rest_route=%2Fwp%2Fv2%2Fcategories&post=16316"},{"taxonomy":"post_tag","embeddable":true,"href":"http:\/\/sindenergia.com.br\/seminario\/index.php?rest_route=%2Fwp%2Fv2%2Ftags&post=16316"}],"curies":[{"name":"wp","href":"https:\/\/api.w.org\/{rel}","templated":true}]}}