{"id":16315,"date":"2000-08-25T12:00:00","date_gmt":"2015-03-22T16:00:00","guid":{"rendered":""},"modified":"-0001-11-30T00:00:00","modified_gmt":"-0001-11-30T04:00:00","slug":"ANEEL-400","status":"publish","type":"post","link":"http:\/\/sindenergia.com.br\/seminario\/?p=16315","title":{"rendered":"ANEEL autoriza reajuste para tr\u00eas geradoras e sete distribuidoras"},"content":{"rendered":"<p><b>Fonte: <\/b><a href='http:\/\/www.aneel.gov.br\/aplicacoes\/noticias\/Output_Noticias.cfm?Identidade=400&#038;id_area=90'><b>ANEEL<\/b><\/a><br \/>\nA Ag\u00eancia Nacional de Energia El\u00e9trica (ANEEL) autorizou hoje (25\/08) os \u00edndices m\u00e1ximos de reajuste anual das tarifas aos consumidores de 7 (sete) distribuidoras de energia das regi\u00f5es Norte, Nordeste, Sudeste, e Centro-Oeste ? CEB, CEAL, CELPA, CEMAR, CEPISA, SAELPA e ESCELSA. Tamb\u00e9m est\u00e3o sendo autorizados os reajustes nos pre\u00e7os da energia vendida por 3 (tr\u00eas) geradoras das regi\u00f5es Norte, Nordeste e Sudeste &#8211; FURNAS, CHESF e ELETRONORTE, cujos contratos de concess\u00e3o e contratos iniciais fazem anivers\u00e1rio em agosto. Os reajustes come\u00e7am a valer a partir desta segunda-feira (28\/08), ap\u00f3s a publica\u00e7\u00e3o no Di\u00e1rio Oficial.<br \/>\nA pedido das tr\u00eas geradoras, os reajustes dos custos gerenci\u00e1veis, sobre os quais incide o IGP-M (14,46%), ser\u00e3o parcelados em duas vezes ? 50% agora e 50% a partir de fevereiro, com vistas \u00e0 sincroniza\u00e7\u00e3o do reajuste das geradores e distribuidoras. Em raz\u00e3o disso, a maioria dos reajustes referentes \u00e0 compra de energia pelas sete distribuidoras tamb\u00e9m ser\u00e1 concedida em duas parcelas. As demais distribuidoras que compram energia destas geradoras s\u00f3 poder\u00e3o repassar o aumento aos consumidores na data de anivers\u00e1rio dos contratos de concess\u00e3o.<br \/>\nAs tarifas autorizadas s\u00e3o limites m\u00e1ximos, portanto geradoras e distribuidoras podem praticar valores inferiores. Al\u00e9m disso, no caso de uma geradora conceder descontos \u00e0 distribuidora, a ANEEL determina que os mesmos sejam repassados aos consumidores.<br \/>\nDe acordo com os contratos, os aumentos refletem a varia\u00e7\u00e3o dos custos divididos em duas parcelas: varia\u00e7\u00e3o da receita anual relativa a impostos e encargos &#8211; RGR, custo de conex\u00e3o, taxa de fiscaliza\u00e7\u00e3o, compensa\u00e7\u00e3o financeira, COFINS e energia comprada; e varia\u00e7\u00e3o do IGP-M sobre os custos gerenci\u00e1veis. Especificamente para Furnas, o aumento considera tamb\u00e9m o custo da inclus\u00e3o de nova fonte de energia, proveniente da interliga\u00e7\u00e3o com a Argentina atrav\u00e9s da CIEN, que entrou em opera\u00e7\u00e3o em junho passado. Parte deste aumento espec\u00edfico, referente ao atendimento emergencial do sistema ( 2,86%), ser\u00e1 retirado em agosto de 2001.<br \/>\nNo caso da Escelsa, que foi a primeira distribuidora submetida ao processo de revis\u00e3o tarif\u00e1ria em agosto de 1998, houve um desconto no \u00edndice de IGP-M aplicado no reajuste. A empresa teve parte da tarifa (custos gerenci\u00e1veis) reajustada em 13,66%, que \u00e9 igual ao IGP-M apurado no per\u00edodo (14,46%) descontado o fator X. O chamado fator X \u00e9 o componente da f\u00f3rmula de reajuste que depende do cumprimento pela empresa de metas de qualidade, definidas pela ANEEL. Ap\u00f3s a fiscaliza\u00e7\u00e3o da ANEEL, verificou-se que a Escelsa cumpriu parcialmente as metas. Com isso, o fator X alcan\u00e7ou o percentual de 0,8%. Caso a empresa obtivesse o total das metas atingidas, o desconto seria de 0,4%.<\/p>\n","protected":false},"excerpt":{"rendered":"<p>Fonte: ANEEL A Ag\u00eancia Nacional de Energia El\u00e9trica (ANEEL) autorizou hoje (25\/08) os \u00edndices m\u00e1ximos de reajuste anual das tarifas aos consumidores de 7 (sete) distribuidoras de energia das regi\u00f5es Norte, Nordeste, Sudeste, e Centro-Oeste ? CEB, CEAL, CELPA, CEMAR, CEPISA, SAELPA e ESCELSA. Tamb\u00e9m est\u00e3o sendo autorizados os reajustes nos pre\u00e7os da energia vendida [&hellip;]<\/p>\n","protected":false},"author":4,"featured_media":0,"comment_status":"open","ping_status":"open","sticky":false,"template":"","format":"standard","meta":[],"categories":[],"tags":[],"_links":{"self":[{"href":"http:\/\/sindenergia.com.br\/seminario\/index.php?rest_route=\/wp\/v2\/posts\/16315"}],"collection":[{"href":"http:\/\/sindenergia.com.br\/seminario\/index.php?rest_route=\/wp\/v2\/posts"}],"about":[{"href":"http:\/\/sindenergia.com.br\/seminario\/index.php?rest_route=\/wp\/v2\/types\/post"}],"author":[{"embeddable":true,"href":"http:\/\/sindenergia.com.br\/seminario\/index.php?rest_route=\/wp\/v2\/users\/4"}],"replies":[{"embeddable":true,"href":"http:\/\/sindenergia.com.br\/seminario\/index.php?rest_route=%2Fwp%2Fv2%2Fcomments&post=16315"}],"version-history":[{"count":0,"href":"http:\/\/sindenergia.com.br\/seminario\/index.php?rest_route=\/wp\/v2\/posts\/16315\/revisions"}],"wp:attachment":[{"href":"http:\/\/sindenergia.com.br\/seminario\/index.php?rest_route=%2Fwp%2Fv2%2Fmedia&parent=16315"}],"wp:term":[{"taxonomy":"category","embeddable":true,"href":"http:\/\/sindenergia.com.br\/seminario\/index.php?rest_route=%2Fwp%2Fv2%2Fcategories&post=16315"},{"taxonomy":"post_tag","embeddable":true,"href":"http:\/\/sindenergia.com.br\/seminario\/index.php?rest_route=%2Fwp%2Fv2%2Ftags&post=16315"}],"curies":[{"name":"wp","href":"https:\/\/api.w.org\/{rel}","templated":true}]}}