{"id":16314,"date":"2000-08-29T12:00:00","date_gmt":"2015-03-22T16:00:00","guid":{"rendered":""},"modified":"-0001-11-30T00:00:00","modified_gmt":"-0001-11-30T04:00:00","slug":"ANEEL-401","status":"publish","type":"post","link":"http:\/\/sindenergia.com.br\/seminario\/?p=16314","title":{"rendered":"ANEEL fala a empres\u00e1rios paulistas sobre perspectivas em energia el\u00e9trica"},"content":{"rendered":"<p><b>Fonte: <\/b><a href='http:\/\/www.aneel.gov.br\/aplicacoes\/noticias\/Output_Noticias.cfm?Identidade=401&#038;id_area=90'><b>ANEEL<\/b><\/a><br \/>\nANEEL fala a empres\u00e1rios paulistas sobre perspectivas em energia el\u00e9trica <\/p>\n<p>O diretor da Ag\u00eancia Nacional de Energia El\u00e9trica (ANEEL), Afonso Henriques Moreira Santos, far\u00e1 palestra, nesta quarta-feira (30\/8), no Encontro de Neg\u00f3cios de Energia, em Ribeir\u00e3o Preto (SP). O evento ser\u00e1 promovido pela Federa\u00e7\u00e3o das Ind\u00fastrias do Estado de S\u00e3o Paulo (Fiesp) e conta com o patroc\u00ednio da ANEEL e de outras entidades privadas e p\u00fablicas. Na ocasi\u00e3o, ser\u00e1 discutida a tem\u00e1tica ?As Mudan\u00e7as do Mercado de Energia e o Impacto na Vida das Empresas?.<br \/>\nEm sua palestra, Afonso Henriques apresentar\u00e1 aos empres\u00e1rios paulistas as perspectivas do setor de energia el\u00e9trica, nos campos da gera\u00e7\u00e3o, transmiss\u00e3o, distribui\u00e7\u00e3o e comercializa\u00e7\u00e3o de energia. ?A ANEEL vem desempenhando sua miss\u00e3o de \u00f3rg\u00e3o regulador com transpar\u00eancia e seriedade. Com regras claras e est\u00e1veis, vem crescendo a participa\u00e7\u00e3o dos investidores privados no setor el\u00e9trico nacional, trazendo benef\u00edcios para toda a sociedade?, enfatizou Afonso Henriques.<br \/>\nAl\u00e9m das a\u00e7\u00f5es de fiscaliza\u00e7\u00e3o e regula\u00e7\u00e3o, que se constituem nas principais \u00e1reas de atua\u00e7\u00e3o da ANEEL, o diretor da Ag\u00eancia enfocar\u00e1 ainda a quest\u00e3o do incentivo \u00e0s Pequenas Centrais Hidrel\u00e9tricas (usinas com at\u00e9 30 MW), energia de fontes renov\u00e1veis, livre mercado, cogera\u00e7\u00e3o, legisla\u00e7\u00e3o do setor el\u00e9trico e resolu\u00e7\u00f5es da ANEEL, Rede B\u00e1sica e a qualidade dos servi\u00e7os prestados pelas concession\u00e1rias.<br \/>\nNos investimentos em gera\u00e7\u00e3o, Afonso Henriques discorrer\u00e1 sobre o Programa de Licita\u00e7\u00e3o 2000\/2001, no qual ser\u00e3o leiloadas 29 futuras usinas hidrel\u00e9tricas por todo o pa\u00eds, totalizando investimentos privados na ordem de R$ 21 bilh\u00f5es, acrescendo 9.500 MW novos ao sistema. J\u00e1 o Programa Priorit\u00e1rio de Termel\u00e9tricas 2000\/2003, com 49 usinas, somar\u00e1 mais de 17.000 MW de pot\u00eancia. No setor de transmiss\u00e3o, a ANEEL promover\u00e1 diversos leil\u00f5es at\u00e9 o final do ano, sendo vencedor a empresa que oferecer a menor receita anual. Na distribui\u00e7\u00e3o, ser\u00e3o privatizadas, por decis\u00e3o dos governos estaduais, algumas concession\u00e1rias de energia.<br \/>\n ?A ANEEL entende a import\u00e2ncia de um evento dessa natureza, sobretudo pela oportunidade que se apresenta de  divulgar o que se tem de novo no setor el\u00e9trico, desde a gera\u00e7\u00e3o at\u00e9 a comercializa\u00e7\u00e3o de energia. Tudo isso com o objetivo principal de oferecer ao consumidor brasileiro um servi\u00e7o de energia el\u00e9trica com qualidade?, finalizou Henriques.<br \/>\nAl\u00e9m do diretor da ANEEL, o evento reunir\u00e1 diversas autoridades do setor energ\u00e9tico brasileiro, como representantes do Minist\u00e9rio de Minas e Energia, do Mercado Atacadista de Energia, do Operador Nacional do Sistema El\u00e9trico e da Secretaria de Energia do Estado de S\u00e3o Paulo, al\u00e9m de concession\u00e1rias de energia el\u00e9trica.<\/p>\n","protected":false},"excerpt":{"rendered":"<p>Fonte: ANEEL ANEEL fala a empres\u00e1rios paulistas sobre perspectivas em energia el\u00e9trica O diretor da Ag\u00eancia Nacional de Energia El\u00e9trica (ANEEL), Afonso Henriques Moreira Santos, far\u00e1 palestra, nesta quarta-feira (30\/8), no Encontro de Neg\u00f3cios de Energia, em Ribeir\u00e3o Preto (SP). O evento ser\u00e1 promovido pela Federa\u00e7\u00e3o das Ind\u00fastrias do Estado de S\u00e3o Paulo (Fiesp) e [&hellip;]<\/p>\n","protected":false},"author":4,"featured_media":0,"comment_status":"open","ping_status":"open","sticky":false,"template":"","format":"standard","meta":[],"categories":[],"tags":[],"_links":{"self":[{"href":"http:\/\/sindenergia.com.br\/seminario\/index.php?rest_route=\/wp\/v2\/posts\/16314"}],"collection":[{"href":"http:\/\/sindenergia.com.br\/seminario\/index.php?rest_route=\/wp\/v2\/posts"}],"about":[{"href":"http:\/\/sindenergia.com.br\/seminario\/index.php?rest_route=\/wp\/v2\/types\/post"}],"author":[{"embeddable":true,"href":"http:\/\/sindenergia.com.br\/seminario\/index.php?rest_route=\/wp\/v2\/users\/4"}],"replies":[{"embeddable":true,"href":"http:\/\/sindenergia.com.br\/seminario\/index.php?rest_route=%2Fwp%2Fv2%2Fcomments&post=16314"}],"version-history":[{"count":0,"href":"http:\/\/sindenergia.com.br\/seminario\/index.php?rest_route=\/wp\/v2\/posts\/16314\/revisions"}],"wp:attachment":[{"href":"http:\/\/sindenergia.com.br\/seminario\/index.php?rest_route=%2Fwp%2Fv2%2Fmedia&parent=16314"}],"wp:term":[{"taxonomy":"category","embeddable":true,"href":"http:\/\/sindenergia.com.br\/seminario\/index.php?rest_route=%2Fwp%2Fv2%2Fcategories&post=16314"},{"taxonomy":"post_tag","embeddable":true,"href":"http:\/\/sindenergia.com.br\/seminario\/index.php?rest_route=%2Fwp%2Fv2%2Ftags&post=16314"}],"curies":[{"name":"wp","href":"https:\/\/api.w.org\/{rel}","templated":true}]}}