{"id":16290,"date":"2000-10-03T12:00:00","date_gmt":"2015-03-22T16:00:00","guid":{"rendered":""},"modified":"-0001-11-30T00:00:00","modified_gmt":"-0001-11-30T04:00:00","slug":"ANEEL-425","status":"publish","type":"post","link":"http:\/\/sindenergia.com.br\/seminario\/?p=16290","title":{"rendered":"ANEEL assina 1\u00ba contrato de concess\u00e3o para constru\u00e7\u00e3o de uma subesta\u00e7\u00e3o"},"content":{"rendered":"<p><b>Fonte: <\/b><a href='http:\/\/www.aneel.gov.br\/aplicacoes\/noticias\/Output_Noticias.cfm?Identidade=425&#038;id_area=90'><b>ANEEL<\/b><\/a>Superintend\u00eancia de Comunica\u00e7\u00e3o Social &#8211; SCS <br \/>\nNota \u00e0 Imprensa <br \/>\n03 de outubro de 2000<\/p>\n<p>ANEEL assina 1\u00ba contrato de concess\u00e3o<br \/>\n para constru\u00e7\u00e3o de uma subesta\u00e7\u00e3o <\/p>\n<p>A Ag\u00eancia Nacional de Energia El\u00e9trica (ANEEL) assina amanh\u00e3 (04\/10), em Itajub\u00e1-MG, contrato de concess\u00e3o com a Companhia Energ\u00e9tica de Minas Gerais (Cemig), vencedora da licita\u00e7\u00e3o para a constru\u00e7\u00e3o da futura Subesta\u00e7\u00e3o Itajub\u00e1 3. A subesta\u00e7\u00e3o, que funcionar\u00e1 na tens\u00e3o 525 kV, ter\u00e1 duas unidades de transformadores de 525 kV para 138 kV. O contrato de concess\u00e3o tem validade de 30 anos.<br \/>\nA solenidade de assinatura contar\u00e1 com a presen\u00e7a dos diretores da ANEEL, Afonso Henriques Moreira Santos e Jaconias de Aguiar, do diretor-presidente da Cemig, Djalma Bastos de Morais, al\u00e9m de autoridades do Governo do Estado de Minas Gerais e representantes do setor el\u00e9trico. Na ocasi\u00e3o, tamb\u00e9m ser\u00e1 assinado contrato espec\u00edfico entre a Cemig e o Operador Nacional do Sistema El\u00e9trico (ONS). A assinatura desses contratos acontecer\u00e1 nas depend\u00eancias da f\u00e1brica de equipamentos el\u00e9tricos da Alston, empresa escolhida pela Cemig para executar a obra da subesta\u00e7\u00e3o.<br \/>\nNa licita\u00e7\u00e3o, promovida pela ANEEL em 27 de junho passado, a Cemig apresentou a melhor proposta ( ou seja, o maior des\u00e1gio): R$ 855 mil por m\u00eas, totalizando uma receita anual de R$ 10,2 milh\u00f5es. Essa receita foi 33% menor que o estipulado pela ANEEL (R$ 15,2 milh\u00f5es por ano), significando menor tarifa aos consumidores. A empresa disputou a licita\u00e7\u00e3o com a PEM Engenharia e o Cons\u00f3rcio Alusa\/Furnas\/Schneider.<br \/>\nItajub\u00e1 3 foi a primeira subesta\u00e7\u00e3o da Rede B\u00e1sica (acima de 230 kV) a ser licitada pela ANEEL. O valor estimado do investimento que ser\u00e1 feito pela Cemig \u00e9 de cerca de R$ 56 milh\u00f5es para a implanta\u00e7\u00e3o da subesta\u00e7\u00e3o e de dois trechos de linha de transmiss\u00e3o com aproximadamente 3 km de extens\u00e3o cada um, ligando a subesta\u00e7\u00e3o \u00e0 Linha de Transmiss\u00e3o Po\u00e7os de Caldas &#8211; Cachoeira Paulista.<br \/>\nA energia transformada na Subesta\u00e7\u00e3o (cerca de 600 MW) ser\u00e1 suficiente para atender a uma popula\u00e7\u00e3o de 2,250 milh\u00f5es de habitantes, beneficiando principalmente os munic\u00edpios de Po\u00e7os de Caldas, Varginha, Lavras, Pouso Alegre e Itajub\u00e1, todos localizados na regi\u00e3o sul de Minas Gerais. Essas localidades, juntas, s\u00e3o respons\u00e1veis por 11% do consumo de energia em Minas Gerais. A subesta\u00e7\u00e3o dever\u00e1 ficar pronta em 16 meses.<br \/>\nAs subesta\u00e7\u00f5es s\u00e3o locais onde est\u00e3o instalados os transformadores, as chaves, os disjuntores, o sistema de prote\u00e7\u00e3o e de medi\u00e7\u00e3o, as entradas e sa\u00eddas de linhas de transmiss\u00e3o do sistema el\u00e9trico. Os transformadores s\u00e3o fundamentais, uma vez que ajustam o n\u00edvel de tens\u00e3o da rede, convertendo a energia de maior tens\u00e3o para a voltagem adequada ao abastecimento da popula\u00e7\u00e3o.<\/p>\n","protected":false},"excerpt":{"rendered":"<p>Fonte: ANEELSuperintend\u00eancia de Comunica\u00e7\u00e3o Social &#8211; SCS Nota \u00e0 Imprensa 03 de outubro de 2000 ANEEL assina 1\u00ba contrato de concess\u00e3o para constru\u00e7\u00e3o de uma subesta\u00e7\u00e3o A Ag\u00eancia Nacional de Energia El\u00e9trica (ANEEL) assina amanh\u00e3 (04\/10), em Itajub\u00e1-MG, contrato de concess\u00e3o com a Companhia Energ\u00e9tica de Minas Gerais (Cemig), vencedora da licita\u00e7\u00e3o para a constru\u00e7\u00e3o [&hellip;]<\/p>\n","protected":false},"author":4,"featured_media":0,"comment_status":"open","ping_status":"open","sticky":false,"template":"","format":"standard","meta":[],"categories":[],"tags":[],"_links":{"self":[{"href":"http:\/\/sindenergia.com.br\/seminario\/index.php?rest_route=\/wp\/v2\/posts\/16290"}],"collection":[{"href":"http:\/\/sindenergia.com.br\/seminario\/index.php?rest_route=\/wp\/v2\/posts"}],"about":[{"href":"http:\/\/sindenergia.com.br\/seminario\/index.php?rest_route=\/wp\/v2\/types\/post"}],"author":[{"embeddable":true,"href":"http:\/\/sindenergia.com.br\/seminario\/index.php?rest_route=\/wp\/v2\/users\/4"}],"replies":[{"embeddable":true,"href":"http:\/\/sindenergia.com.br\/seminario\/index.php?rest_route=%2Fwp%2Fv2%2Fcomments&post=16290"}],"version-history":[{"count":0,"href":"http:\/\/sindenergia.com.br\/seminario\/index.php?rest_route=\/wp\/v2\/posts\/16290\/revisions"}],"wp:attachment":[{"href":"http:\/\/sindenergia.com.br\/seminario\/index.php?rest_route=%2Fwp%2Fv2%2Fmedia&parent=16290"}],"wp:term":[{"taxonomy":"category","embeddable":true,"href":"http:\/\/sindenergia.com.br\/seminario\/index.php?rest_route=%2Fwp%2Fv2%2Fcategories&post=16290"},{"taxonomy":"post_tag","embeddable":true,"href":"http:\/\/sindenergia.com.br\/seminario\/index.php?rest_route=%2Fwp%2Fv2%2Ftags&post=16290"}],"curies":[{"name":"wp","href":"https:\/\/api.w.org\/{rel}","templated":true}]}}