{"id":16289,"date":"2000-10-04T12:00:00","date_gmt":"2015-03-22T16:00:00","guid":{"rendered":""},"modified":"-0001-11-30T00:00:00","modified_gmt":"-0001-11-30T04:00:00","slug":"ANEEL-426","status":"publish","type":"post","link":"http:\/\/sindenergia.com.br\/seminario\/?p=16289","title":{"rendered":"Hor\u00e1rio de ver\u00e3o 2000\/2001"},"content":{"rendered":"<p><b>Fonte: <\/b><a href='http:\/\/www.aneel.gov.br\/aplicacoes\/noticias\/Output_Noticias.cfm?Identidade=426&#038;id_area=90'><b>ANEEL<\/b><\/a>Superintend\u00eancia de Comunica\u00e7\u00e3o social &#8211; SCS<br \/>\nNota \u00e0 Imprensa<br \/>\n04 de outubro de 2000<\/p>\n<p>Hor\u00e1rio de ver\u00e3o 2000\/2001<\/p>\n<p> A partir da zero hora de domingo (8\/10), os rel\u00f3gios dever\u00e3o ser adiantados em uma hora, em grande parte do territ\u00f3rio nacional. Nesta data, entrar\u00e1 em vigor o hor\u00e1rio de ver\u00e3o que abranger\u00e1 todos os estados das regi\u00f5es Sul, Sudeste, Nordeste e Centro-Oeste, al\u00e9m de Tocantins e Roraima, na regi\u00e3o Norte.<br \/>\nO hor\u00e1rio de ver\u00e3o se estender\u00e1 at\u00e9 a zero hora do dia 18 de fevereiro de 2001. Ao todo, ser\u00e3o 133 dias de dura\u00e7\u00e3o. Esta ser\u00e1 a 27\u00aa edi\u00e7\u00e3o da medida, conforme o decreto 3.592, publicado no Di\u00e1rio Oficial do dia 08 de setembro deste ano.<br \/>\nA implanta\u00e7\u00e3o do hor\u00e1rio de ver\u00e3o tem como principal objetivo a redu\u00e7\u00e3o da demanda no hor\u00e1rio de pico (das 18h \u00e0s 21h). Na \u00faltima edi\u00e7\u00e3o do hor\u00e1rio de ver\u00e3o (1999\/2000), a redu\u00e7\u00e3o da demanda ficou em 5,6% ( equivalente a 3.000 MW), igual a demanda de cinco capitais juntas (Vit\u00f3ria, Goi\u00e2nia, Belo Horizonte, Salvador e Curitiba). A economia de energia foi de 0,7%  (370.000 MWh). Essa redu\u00e7\u00e3o pode ser comparada ao consumo da cidade de Goi\u00e2nia por um m\u00eas.  Para o ciclo 2000\/2001, a expectativa da ANEEL \u00e9 de se obter n\u00fameros similares aos do per\u00edodo anterior.<br \/>\nA regi\u00e3o Nordeste tamb\u00e9m atingiu bons resultados no ciclo 1999\/2000, que foram de 3,8% de redu\u00e7\u00e3o de demanda e 0,6% de economia de energia. A ado\u00e7\u00e3o do Hor\u00e1rio de Ver\u00e3o possibilita ainda que novos investimentos em gera\u00e7\u00e3o e em transmiss\u00e3o de energia sejam postergados, ao custo de aproximadamente R$ 2,5 bilh\u00f5es. Outro benef\u00edcio \u00e9 a maior flexibilidade para a realiza\u00e7\u00e3o de manuten\u00e7\u00f5es em instala\u00e7\u00f5es do setor el\u00e9trico, trazendo seguran\u00e7a no fornecimento de energia el\u00e9trica.<br \/>\nAl\u00e9m do Brasil, o Hor\u00e1rio de Ver\u00e3o tamb\u00e9m \u00e9 implementado nos pa\u00edses da Uni\u00e3o Europ\u00e9ia (entre mar\u00e7o e outubro), da Am\u00e9rica do Norte (entre abril e outubro), al\u00e9m da R\u00fassia, Turquia e Cuba. No hemisf\u00e9rio Sul, a medida \u00e9 adotada entre outubro e mar\u00e7o na Austr\u00e1lia, Nova Zel\u00e2ndia e Chile.<\/p>\n","protected":false},"excerpt":{"rendered":"<p>Fonte: ANEELSuperintend\u00eancia de Comunica\u00e7\u00e3o social &#8211; SCS Nota \u00e0 Imprensa 04 de outubro de 2000 Hor\u00e1rio de ver\u00e3o 2000\/2001 A partir da zero hora de domingo (8\/10), os rel\u00f3gios dever\u00e3o ser adiantados em uma hora, em grande parte do territ\u00f3rio nacional. Nesta data, entrar\u00e1 em vigor o hor\u00e1rio de ver\u00e3o que abranger\u00e1 todos os estados [&hellip;]<\/p>\n","protected":false},"author":4,"featured_media":0,"comment_status":"open","ping_status":"open","sticky":false,"template":"","format":"standard","meta":[],"categories":[],"tags":[],"_links":{"self":[{"href":"http:\/\/sindenergia.com.br\/seminario\/index.php?rest_route=\/wp\/v2\/posts\/16289"}],"collection":[{"href":"http:\/\/sindenergia.com.br\/seminario\/index.php?rest_route=\/wp\/v2\/posts"}],"about":[{"href":"http:\/\/sindenergia.com.br\/seminario\/index.php?rest_route=\/wp\/v2\/types\/post"}],"author":[{"embeddable":true,"href":"http:\/\/sindenergia.com.br\/seminario\/index.php?rest_route=\/wp\/v2\/users\/4"}],"replies":[{"embeddable":true,"href":"http:\/\/sindenergia.com.br\/seminario\/index.php?rest_route=%2Fwp%2Fv2%2Fcomments&post=16289"}],"version-history":[{"count":0,"href":"http:\/\/sindenergia.com.br\/seminario\/index.php?rest_route=\/wp\/v2\/posts\/16289\/revisions"}],"wp:attachment":[{"href":"http:\/\/sindenergia.com.br\/seminario\/index.php?rest_route=%2Fwp%2Fv2%2Fmedia&parent=16289"}],"wp:term":[{"taxonomy":"category","embeddable":true,"href":"http:\/\/sindenergia.com.br\/seminario\/index.php?rest_route=%2Fwp%2Fv2%2Fcategories&post=16289"},{"taxonomy":"post_tag","embeddable":true,"href":"http:\/\/sindenergia.com.br\/seminario\/index.php?rest_route=%2Fwp%2Fv2%2Ftags&post=16289"}],"curies":[{"name":"wp","href":"https:\/\/api.w.org\/{rel}","templated":true}]}}