{"id":16288,"date":"2000-10-05T12:00:00","date_gmt":"2015-03-22T16:00:00","guid":{"rendered":""},"modified":"-0001-11-30T00:00:00","modified_gmt":"-0001-11-30T04:00:00","slug":"ANEEL-427","status":"publish","type":"post","link":"http:\/\/sindenergia.com.br\/seminario\/?p=16288","title":{"rendered":"Entidade do setor el\u00e9tricohomenageia ANEEL em almo\u00e7o"},"content":{"rendered":"<p><b>Fonte: <\/b><a href='http:\/\/www.aneel.gov.br\/aplicacoes\/noticias\/Output_Noticias.cfm?Identidade=427&#038;id_area=90'><b>ANEEL<\/b><\/a>Superintend\u00eancia de Comunica\u00e7\u00e3o Social &#8211; SCS<br \/>\nNota \u00e0 Imprensa<br \/>\n05 de outubro de 2000<\/p>\n<p>Entidade do setor el\u00e9trico<br \/>\nhomenageia ANEEL em almo\u00e7o<\/p>\n<p>O diretor-geral da Ag\u00eancia Nacional de Energia El\u00e9trica (ANEEL), Jos\u00e9 M\u00e1rio Miranda Abdo, preside hoje, em S\u00e3o Paulo, Reuni\u00e3o-Almo\u00e7o promovida pela Associa\u00e7\u00e3o Brasileira de Concession\u00e1rias de Energia El\u00e9trica (ABCE). Na ocasi\u00e3o, Abdo ser\u00e1 homenageado, em nome da ANEEL, pelos servi\u00e7os prestados em prol do desenvolvimento econ\u00f4mico e social do pa\u00eds.<br \/>\nO evento acontecer\u00e1 \u00e0s 12h, no Nacional Club (Rua Angatuba, 703 ? Pacaembu). Jos\u00e9 M\u00e1rio falar\u00e1 para uma plat\u00e9ia de presidentes e diretores de empresas de energia, investidores e empres\u00e1rios do setor. Tamb\u00e9m confirmaram presen\u00e7a o secret\u00e1rio de Energia do Estado de S\u00e3o Paulo, Mauro Arce, e o comiss\u00e1rio-geral da Comiss\u00e3o de Servi\u00e7os P\u00fablicos de Energia de S\u00e3o Paulo (CSPE), Zevi Kann, \u00f3rg\u00e3o conveniado \u00e0 ANEEL.<br \/>\nA ABCE, entidade criada em 1936, congrega 75 concession\u00e1rias de energia el\u00e9trica.<br \/>\nAp\u00f3s o almo\u00e7o, o diretor-geral estar\u00e1 \u00e0 disposi\u00e7\u00e3o da Imprensa.<\/p>\n<p>Informa\u00e7\u00f5es adicionais:<br \/>\nAssessoria de Imprensa da ANEEL ? Malu Oliveira ? (61) 9970-4376.<br \/>\nABCE &#8211; (11) 288-1166 ou 212-5292<\/p>\n","protected":false},"excerpt":{"rendered":"<p>Fonte: ANEELSuperintend\u00eancia de Comunica\u00e7\u00e3o Social &#8211; SCS Nota \u00e0 Imprensa 05 de outubro de 2000 Entidade do setor el\u00e9trico homenageia ANEEL em almo\u00e7o O diretor-geral da Ag\u00eancia Nacional de Energia El\u00e9trica (ANEEL), Jos\u00e9 M\u00e1rio Miranda Abdo, preside hoje, em S\u00e3o Paulo, Reuni\u00e3o-Almo\u00e7o promovida pela Associa\u00e7\u00e3o Brasileira de Concession\u00e1rias de Energia El\u00e9trica (ABCE). Na ocasi\u00e3o, Abdo [&hellip;]<\/p>\n","protected":false},"author":4,"featured_media":0,"comment_status":"open","ping_status":"open","sticky":false,"template":"","format":"standard","meta":[],"categories":[],"tags":[],"_links":{"self":[{"href":"http:\/\/sindenergia.com.br\/seminario\/index.php?rest_route=\/wp\/v2\/posts\/16288"}],"collection":[{"href":"http:\/\/sindenergia.com.br\/seminario\/index.php?rest_route=\/wp\/v2\/posts"}],"about":[{"href":"http:\/\/sindenergia.com.br\/seminario\/index.php?rest_route=\/wp\/v2\/types\/post"}],"author":[{"embeddable":true,"href":"http:\/\/sindenergia.com.br\/seminario\/index.php?rest_route=\/wp\/v2\/users\/4"}],"replies":[{"embeddable":true,"href":"http:\/\/sindenergia.com.br\/seminario\/index.php?rest_route=%2Fwp%2Fv2%2Fcomments&post=16288"}],"version-history":[{"count":0,"href":"http:\/\/sindenergia.com.br\/seminario\/index.php?rest_route=\/wp\/v2\/posts\/16288\/revisions"}],"wp:attachment":[{"href":"http:\/\/sindenergia.com.br\/seminario\/index.php?rest_route=%2Fwp%2Fv2%2Fmedia&parent=16288"}],"wp:term":[{"taxonomy":"category","embeddable":true,"href":"http:\/\/sindenergia.com.br\/seminario\/index.php?rest_route=%2Fwp%2Fv2%2Fcategories&post=16288"},{"taxonomy":"post_tag","embeddable":true,"href":"http:\/\/sindenergia.com.br\/seminario\/index.php?rest_route=%2Fwp%2Fv2%2Ftags&post=16288"}],"curies":[{"name":"wp","href":"https:\/\/api.w.org\/{rel}","templated":true}]}}