{"id":16287,"date":"2000-10-05T12:00:00","date_gmt":"2015-03-22T16:00:00","guid":{"rendered":""},"modified":"-0001-11-30T00:00:00","modified_gmt":"-0001-11-30T04:00:00","slug":"ANEEL-428","status":"publish","type":"post","link":"http:\/\/sindenergia.com.br\/seminario\/?p=16287","title":{"rendered":"ANEEL define hor\u00e1rio e local das provas do concurso p\u00fablico para ?Analista? e ?Regulador?"},"content":{"rendered":"<p><b>Fonte: <\/b><a href='http:\/\/www.aneel.gov.br\/aplicacoes\/noticias\/Output_Noticias.cfm?Identidade=428&#038;id_area=90'><b>ANEEL<\/b><\/a><br \/>\nSuperintend\u00eancia de Comunica\u00e7\u00e3o Social &#8211; SCS<br \/>\nNota \u00e0 Imprensa<br \/>\n05 de outubro de 2000<\/p>\n<p>ANEEL define hor\u00e1rio e local das provas do<br \/>\nconcurso p\u00fablico para ?Analista? e ?Regulador?<\/p>\n<p>A Ag\u00eancia Nacional de Energia El\u00e9trica (ANEEL) publicou hoje, no Di\u00e1rio Oficial da Uni\u00e3o, os locais e hor\u00e1rios das provas para o concurso p\u00fablico dos cargos de Analista de Suporte \u00e0 Regula\u00e7\u00e3o e de Regulador. No concurso, ser\u00e3o preenchidas, de imediato, 130 das 325 vagas do quadro definitivo de servidores da Ag\u00eancia, todas em Bras\u00edlia, e para tr\u00eas classes de n\u00edvel superior. A prova para Analista ser\u00e1 no dia 14\/10 e a de Regulador no dia 15\/10, com in\u00edcio \u00e0s 13h.<br \/>\nEm Bras\u00edlia, para os candidatos a Analista das Classes 1 (rec\u00e9m-formado) e 7 (a partir de tr\u00eas anos de formado), o local das provas ser\u00e1 no Pavilh\u00e3o An\u00edsio Teixeira do Campus da Universidade de Bras\u00edlia (UnB). J\u00e1 para os inscritos na Classe 17 (a partir de 10 anos de formado), as provas ser\u00e3o no Col\u00e9gio Madre Carmen Sall\u00e9s, na 604 Norte.<br \/>\nOs candidatos ao cargo de Regulador das Classes 1 e 17 far\u00e3o as provas no Pavilh\u00e3o An\u00edsio Teixeira, na UnB. Os concorrentes da Classe 7 far\u00e3o as provas no Col\u00e9gio Madre Carmen Sall\u00e9s. O concurso ser\u00e1 aplicado pelo Centro de Sele\u00e7\u00e3o e Promo\u00e7\u00e3o de Eventos (Cespe) da Universidade de Bras\u00edlia (UnB), entidade com grande experi\u00eancia na aplica\u00e7\u00e3o de concursos.<br \/>\nAl\u00e9m de Bras\u00edlia, as provas ser\u00e3o realizadas em Bel\u00e9m (PA), Florian\u00f3polis (SC), Recife (PE) e S\u00e3o Paulo (SP). As provas para todos os cargos e classes ser\u00e3o aplicadas nos seguintes locais: Bel\u00e9m ? Escola Estadual Ulisses Guimar\u00e3es (Avenida Governador Jos\u00e9 Malcher, 1670, Nazar\u00e9); Recife ? Col\u00e9gio Santa Maria (Rua Tenente Jo\u00e3o C\u00edcero, s\/n\u00ba, Port\u00e3o 8, Boa Viagem); e S\u00e3o Paulo ? Escola Municipal Professor Derville Allegretti (Rua Volunt\u00e1rios da P\u00e1tria, 777, Santana, Esta\u00e7\u00e3o Metr\u00f4 Tiet\u00ea). Na capital catarinense, as provas para Analista ser\u00e3o na Escola Estadual Get\u00falio Vargas (Rua Jo\u00e3o Motta Espezim, 499, Saco dos Lim\u00f5es) e as provas para Regulador ser\u00e3o no Instituto Estadual de Educa\u00e7\u00e3o (Rua Anita Garibaldi, s\/n\u00ba, Centro).<br \/>\nPor causa do Hor\u00e1rio de Ver\u00e3o, as provas em Bel\u00e9m ser\u00e3o \u00e0s 12h. Em todos os casos, os candidatos devem chegar 60 minutos antes do hor\u00e1rio das provas, portando caneta esferogr\u00e1fica de cor preta, comprovante de inscri\u00e7\u00e3o e documento de identidade original. As provas ter\u00e3o dura\u00e7\u00e3o de cinco horas e trinta minutos.<br \/>\nNo total, a ANEEL oferece 96 vagas para as fun\u00e7\u00f5es de Regulador: 20 vagas na Classe 1; 43 na Classe 7; e 33 na Classe 17. As forma\u00e7\u00f5es que mais atendem aos requisitos de conhecimento para o cargo de Regulador s\u00e3o Engenharia, Economia, Contabilidade e \u00e1reas afins que tenham base em forma\u00e7\u00e3o tecnol\u00f3gica e econ\u00f4mica.<br \/>\nA fun\u00e7\u00e3o de Analista de Suporte \u00e0 Regula\u00e7\u00e3o ter\u00e1 34 vagas, sendo  12 na Classe 1, 11 na Classe 7 e 11 na Classe 17. Os analistas de suporte dever\u00e3o ter conhecimentos em Administra\u00e7\u00e3o, Comunica\u00e7\u00e3o Social, Psicologia, Pedagogia, Direito, Rela\u00e7\u00f5es Internacionais, Gest\u00e3o da Informa\u00e7\u00e3o e outras profiss\u00f5es da \u00e1rea de humanas.<br \/>\nA remunera\u00e7\u00e3o inicial da Classe 1 \u00e9 R$ 1.990,00; da Classe 7 \u00e9 de R$ 3.007,24; e a da Classe 17 \u00e9 de R$ 5.021,57. As provas objetivas de abrang\u00eancia geral e espec\u00edficas ter\u00e3o car\u00e1ter eliminat\u00f3rio, enquanto as provas discursivas e de t\u00edtulos ser\u00e3o classificat\u00f3rias. As demais vagas (295) ser\u00e3o preenchidas por dois outros concursos que ser\u00e3o realizados at\u00e9 dezembro de 2002.<br \/>\n Outras informa\u00e7\u00f5es sobre o concurso: (61) 448-0100 ou 0800-61-2010.<\/p>\n","protected":false},"excerpt":{"rendered":"<p>Fonte: ANEEL Superintend\u00eancia de Comunica\u00e7\u00e3o Social &#8211; SCS Nota \u00e0 Imprensa 05 de outubro de 2000 ANEEL define hor\u00e1rio e local das provas do concurso p\u00fablico para ?Analista? e ?Regulador? A Ag\u00eancia Nacional de Energia El\u00e9trica (ANEEL) publicou hoje, no Di\u00e1rio Oficial da Uni\u00e3o, os locais e hor\u00e1rios das provas para o concurso p\u00fablico dos [&hellip;]<\/p>\n","protected":false},"author":4,"featured_media":0,"comment_status":"open","ping_status":"open","sticky":false,"template":"","format":"standard","meta":[],"categories":[],"tags":[],"_links":{"self":[{"href":"http:\/\/sindenergia.com.br\/seminario\/index.php?rest_route=\/wp\/v2\/posts\/16287"}],"collection":[{"href":"http:\/\/sindenergia.com.br\/seminario\/index.php?rest_route=\/wp\/v2\/posts"}],"about":[{"href":"http:\/\/sindenergia.com.br\/seminario\/index.php?rest_route=\/wp\/v2\/types\/post"}],"author":[{"embeddable":true,"href":"http:\/\/sindenergia.com.br\/seminario\/index.php?rest_route=\/wp\/v2\/users\/4"}],"replies":[{"embeddable":true,"href":"http:\/\/sindenergia.com.br\/seminario\/index.php?rest_route=%2Fwp%2Fv2%2Fcomments&post=16287"}],"version-history":[{"count":0,"href":"http:\/\/sindenergia.com.br\/seminario\/index.php?rest_route=\/wp\/v2\/posts\/16287\/revisions"}],"wp:attachment":[{"href":"http:\/\/sindenergia.com.br\/seminario\/index.php?rest_route=%2Fwp%2Fv2%2Fmedia&parent=16287"}],"wp:term":[{"taxonomy":"category","embeddable":true,"href":"http:\/\/sindenergia.com.br\/seminario\/index.php?rest_route=%2Fwp%2Fv2%2Fcategories&post=16287"},{"taxonomy":"post_tag","embeddable":true,"href":"http:\/\/sindenergia.com.br\/seminario\/index.php?rest_route=%2Fwp%2Fv2%2Ftags&post=16287"}],"curies":[{"name":"wp","href":"https:\/\/api.w.org\/{rel}","templated":true}]}}