{"id":16286,"date":"2000-10-10T12:00:00","date_gmt":"2015-03-22T16:00:00","guid":{"rendered":""},"modified":"-0001-11-30T00:00:00","modified_gmt":"-0001-11-30T04:00:00","slug":"ANEEL-429","status":"publish","type":"post","link":"http:\/\/sindenergia.com.br\/seminario\/?p=16286","title":{"rendered":"ANEEL fiscaliza qualidade dos medidores de energia el\u00e9trica"},"content":{"rendered":"<p><b>Fonte: <\/b><a href='http:\/\/www.aneel.gov.br\/aplicacoes\/noticias\/Output_Noticias.cfm?Identidade=429&#038;id_area=90'><b>ANEEL<\/b><\/a><br \/>\nSuperintend\u00eancia de Comunica\u00e7\u00e3o social &#8211; SCS<br \/>\nConvoca\u00e7\u00e3o de Entrevista Coletiva<br \/>\n10 de outubro de 2000<\/p>\n<p>ANEEL fiscaliza qualidade dos<br \/>\nmedidores de energia el\u00e9trica<\/p>\n<p>O diretor-geral da Ag\u00eancia Nacional de Energia El\u00e9trica (ANEEL), Jos\u00e9 M\u00e1rio Miranda Abdo, concede entrevista coletiva nesta quarta-feira, \u00e0s 11h, na sede da ANEEL, em Bras\u00edlia, para anunciar conv\u00eanio celebrado com o Instituto Nacional de Metrologia, Normaliza\u00e7\u00e3o e Qualidade Industrial (Inmetro). Pelo conv\u00eanio, a ANEEL far\u00e1 uma fiscaliza\u00e7\u00e3o especial junto \u00e0s 64 distribuidoras de energia do pa\u00eds para saber se os medidores de energia (os populares ?rel\u00f3gios de luz?) est\u00e3o funcionando adequadamente.<br \/>\n?A ANEEL, ao averiguar a qualidade dos equipamentos utilizados para medir o consumo de energia el\u00e9trica, coloca-se na defesa dos interesses do consumidor?, afirmou Abdo.<br \/>\n O presidente em exerc\u00edcio do Inmetro, Roberto Guimar\u00e3es, tamb\u00e9m estar\u00e1 presente na coletiva.<\/p>\n<p>Mais Informa\u00e7\u00f5es: (61) 312.5945, 312.5731 ou 312.5708.<\/p>\n","protected":false},"excerpt":{"rendered":"<p>Fonte: ANEEL Superintend\u00eancia de Comunica\u00e7\u00e3o social &#8211; SCS Convoca\u00e7\u00e3o de Entrevista Coletiva 10 de outubro de 2000 ANEEL fiscaliza qualidade dos medidores de energia el\u00e9trica O diretor-geral da Ag\u00eancia Nacional de Energia El\u00e9trica (ANEEL), Jos\u00e9 M\u00e1rio Miranda Abdo, concede entrevista coletiva nesta quarta-feira, \u00e0s 11h, na sede da ANEEL, em Bras\u00edlia, para anunciar conv\u00eanio celebrado [&hellip;]<\/p>\n","protected":false},"author":4,"featured_media":0,"comment_status":"open","ping_status":"open","sticky":false,"template":"","format":"standard","meta":[],"categories":[],"tags":[],"_links":{"self":[{"href":"http:\/\/sindenergia.com.br\/seminario\/index.php?rest_route=\/wp\/v2\/posts\/16286"}],"collection":[{"href":"http:\/\/sindenergia.com.br\/seminario\/index.php?rest_route=\/wp\/v2\/posts"}],"about":[{"href":"http:\/\/sindenergia.com.br\/seminario\/index.php?rest_route=\/wp\/v2\/types\/post"}],"author":[{"embeddable":true,"href":"http:\/\/sindenergia.com.br\/seminario\/index.php?rest_route=\/wp\/v2\/users\/4"}],"replies":[{"embeddable":true,"href":"http:\/\/sindenergia.com.br\/seminario\/index.php?rest_route=%2Fwp%2Fv2%2Fcomments&post=16286"}],"version-history":[{"count":0,"href":"http:\/\/sindenergia.com.br\/seminario\/index.php?rest_route=\/wp\/v2\/posts\/16286\/revisions"}],"wp:attachment":[{"href":"http:\/\/sindenergia.com.br\/seminario\/index.php?rest_route=%2Fwp%2Fv2%2Fmedia&parent=16286"}],"wp:term":[{"taxonomy":"category","embeddable":true,"href":"http:\/\/sindenergia.com.br\/seminario\/index.php?rest_route=%2Fwp%2Fv2%2Fcategories&post=16286"},{"taxonomy":"post_tag","embeddable":true,"href":"http:\/\/sindenergia.com.br\/seminario\/index.php?rest_route=%2Fwp%2Fv2%2Ftags&post=16286"}],"curies":[{"name":"wp","href":"https:\/\/api.w.org\/{rel}","templated":true}]}}