{"id":16283,"date":"2000-10-11T12:00:00","date_gmt":"2015-03-22T16:00:00","guid":{"rendered":""},"modified":"-0001-11-30T00:00:00","modified_gmt":"-0001-11-30T04:00:00","slug":"ANEEL-432","status":"publish","type":"post","link":"http:\/\/sindenergia.com.br\/seminario\/?p=16283","title":{"rendered":"Quatro geradoras concatenam seus Contratos Iniciais com a Bandeirante Energia S\/A"},"content":{"rendered":"<p><b>Fonte: <\/b><a href='http:\/\/www.aneel.gov.br\/aplicacoes\/noticias\/Output_Noticias.cfm?Identidade=432&#038;id_area=90'><b>ANEEL<\/b><\/a>Superintend\u00eancia de Comunica\u00e7\u00e3o Social &#8211; SCS<br \/>\nNota \u00e0 Imprensa<br \/>\n11 de outubro de 2000<\/p>\n<p>Quatro geradoras concatenam seus Contratos Iniciais com a Bandeirante Energia S\/A<\/p>\n<p>Os Contratos Iniciais de quatro geradoras paulistas &#8211; Duke Paranapanema, Gera\u00e7\u00e3o Tiet\u00ea, CESP e EMAE &#8211; com a Bandeirante Energia S\/A foram ajustados hoje pela Ag\u00eancia Nacional de Energia El\u00e9trica (ANEEL). Essa medida permite que as datas de reajuste dessas concession\u00e1rias fiquem sincronizadas.<br \/>\nAs geradoras fornecem energia para a Bandeirante Energia S\/A, que em 23 de outubro ter\u00e1 reajuste tarif\u00e1rio, conforme prev\u00ea o Contrato de Concess\u00e3o assinado entre a ANEEL e a distribuidora paulista.<br \/>\nAs tarifas autorizadas s\u00e3o limites m\u00e1ximos, portanto, as geradoras podem praticar valores inferiores. Al\u00e9m disso, no caso de uma geradora conceder descontos \u00e0 distribuidora, a ANEEL determina que os mesmos sejam repassados aos consumidores.<br \/>\n De acordo com estabelecido nos Contratos Iniciais, os aumentos refletem a varia\u00e7\u00e3o dos custos, divididos em duas parcelas: varia\u00e7\u00e3o da receita anual relativa a impostos e encargos (RGR, Uso do Bem P\u00fablico, Compensa\u00e7\u00e3o Financeira, Cofins, PIS, Taxa de Fiscaliza\u00e7\u00e3o, Encargos de Conex\u00e3o, ONS e MAE) e varia\u00e7\u00e3o do IGP-M dos meses de agosto e setembro (3,58%) sobre os custos gerenci\u00e1veis.<br \/>\n Este procedimento se d\u00e1 em raz\u00e3o da concatena\u00e7\u00e3o de datas entre as geradoras, que teriam reajuste em agosto de 2001, e da distribuidora, agora em outubro de 2000.<br \/>\nA \u00e1rea atendida pela Empresa Bandeirante de Energia engloba 55 munic\u00edpios nas regi\u00f5es da Baixada Santista, Alto Tiet\u00ea, Vale do Para\u00edba e Regi\u00e3o Oeste do Estado de S\u00e3o Paulo. S\u00e3o cerca de dois milh\u00f5es de unidades consumidoras. O \u00faltimo reajuste da Bandeirante (5,77%) ocorreu em 23 de outubro de 1999.<\/p>\n<p>Reajustes das Geradoras<\/p>\n<p>EMPRESA\t\u00cdNDICE<br \/>\nDUKE\t3,37%<br \/>\nTIETE\t3,26%<br \/>\nCESP\t3,27%<br \/>\nEMAE\t3,38%<\/p>\n","protected":false},"excerpt":{"rendered":"<p>Fonte: ANEELSuperintend\u00eancia de Comunica\u00e7\u00e3o Social &#8211; SCS Nota \u00e0 Imprensa 11 de outubro de 2000 Quatro geradoras concatenam seus Contratos Iniciais com a Bandeirante Energia S\/A Os Contratos Iniciais de quatro geradoras paulistas &#8211; Duke Paranapanema, Gera\u00e7\u00e3o Tiet\u00ea, CESP e EMAE &#8211; com a Bandeirante Energia S\/A foram ajustados hoje pela Ag\u00eancia Nacional de Energia [&hellip;]<\/p>\n","protected":false},"author":4,"featured_media":0,"comment_status":"open","ping_status":"open","sticky":false,"template":"","format":"standard","meta":[],"categories":[],"tags":[],"_links":{"self":[{"href":"http:\/\/sindenergia.com.br\/seminario\/index.php?rest_route=\/wp\/v2\/posts\/16283"}],"collection":[{"href":"http:\/\/sindenergia.com.br\/seminario\/index.php?rest_route=\/wp\/v2\/posts"}],"about":[{"href":"http:\/\/sindenergia.com.br\/seminario\/index.php?rest_route=\/wp\/v2\/types\/post"}],"author":[{"embeddable":true,"href":"http:\/\/sindenergia.com.br\/seminario\/index.php?rest_route=\/wp\/v2\/users\/4"}],"replies":[{"embeddable":true,"href":"http:\/\/sindenergia.com.br\/seminario\/index.php?rest_route=%2Fwp%2Fv2%2Fcomments&post=16283"}],"version-history":[{"count":0,"href":"http:\/\/sindenergia.com.br\/seminario\/index.php?rest_route=\/wp\/v2\/posts\/16283\/revisions"}],"wp:attachment":[{"href":"http:\/\/sindenergia.com.br\/seminario\/index.php?rest_route=%2Fwp%2Fv2%2Fmedia&parent=16283"}],"wp:term":[{"taxonomy":"category","embeddable":true,"href":"http:\/\/sindenergia.com.br\/seminario\/index.php?rest_route=%2Fwp%2Fv2%2Fcategories&post=16283"},{"taxonomy":"post_tag","embeddable":true,"href":"http:\/\/sindenergia.com.br\/seminario\/index.php?rest_route=%2Fwp%2Fv2%2Ftags&post=16283"}],"curies":[{"name":"wp","href":"https:\/\/api.w.org\/{rel}","templated":true}]}}