{"id":16282,"date":"2000-10-11T12:00:00","date_gmt":"2015-03-22T16:00:00","guid":{"rendered":""},"modified":"-0001-11-30T00:00:00","modified_gmt":"-0001-11-30T04:00:00","slug":"ANEEL-433","status":"publish","type":"post","link":"http:\/\/sindenergia.com.br\/seminario\/?p=16282","title":{"rendered":"Extrato da Reuni\u00e3o Ordin\u00e1ria da Diretoria da ANEELRealizada ontem, 10 de outubro de 2000"},"content":{"rendered":"<p><b>Fonte: <\/b><a href='http:\/\/www.aneel.gov.br\/aplicacoes\/noticias\/Output_Noticias.cfm?Identidade=433&#038;id_area=90'><b>ANEEL<\/b><\/a>Extrato da Reuni\u00e3o Ordin\u00e1ria da Diretoria da ANEEL<br \/>\nRealizada ontem, 10 de outubro de 2000<\/p>\n<p>1. Conv\u00eanio ? ANEEL inicia uma fiscaliza\u00e7\u00e3o especial para aferir a precis\u00e3o dos medidores de energia el\u00e9trica, por amostragem, em conv\u00eanio com o Inmetro (ver Nota \u00e0 Imprensa anexa).<\/p>\n<p>2. Teleconfer\u00eancia ? Consumidores e concession\u00e1rias de energia el\u00e9trica ter\u00e3o a oportunidade de discutir, no pr\u00f3ximo dia 19 de outubro, as novas regras de reajuste e revis\u00e3o tarif\u00e1ria propostos pela ANEEL. Nessa data, o \u00f3rg\u00e3o regulador estar\u00e1 promovendo, entre 9h e 12h, a Teleconfer\u00eancia ?Regula\u00e7\u00e3o Econ\u00f4mica do Setor El\u00e9trico &#8211; Revis\u00e3o e Reajuste de Tarifas?. As imagens da teleconfer\u00eancia ser\u00e3o geradas a partir do audit\u00f3rio da ANEEL, e retransmistidas para outras 12 cidades: S\u00e3o Paulo, Rio de Janeiro, Belo Horizonte, Porto Alegre, Florian\u00f3polis, Curitiba, Recife, Salvador, Fortaleza, Natal, Bel\u00e9m e Cuiab\u00e1. Nessas capitais, o evento acontecer\u00e1 nos audit\u00f3rios da Embratel (ver Nota \u00e0 Imprensa anexa).<\/p>\n<p>3. Pot\u00eancia &#8211; Defini\u00e7\u00e3o dos termos ?Pot\u00eancia Instalada? e ?Pot\u00eancia Nominal Instalada? para os servi\u00e7os de gera\u00e7\u00e3o, necess\u00e1ria \u00e0s atividades de regula\u00e7\u00e3o, concess\u00e3o, autoriza\u00e7\u00e3o, fiscaliza\u00e7\u00e3o da gera\u00e7\u00e3o, do c\u00e1lculo e recolhimento da taxa de fiscaliza\u00e7\u00e3o. <\/p>\n<p>4. Subesta\u00e7\u00e3o &#8211; Autoriza\u00e7\u00e3o para Companhia Hidro El\u00e9trica do S\u00e3o Francisco ? CHESF implantar a Subesta\u00e7\u00e3o Pau Ferro, integrante da Rede B\u00e1sica do sistema el\u00e9trico interligado, com dois transformadores de 100 MVA, nas tens\u00f5es de 230\/69 kV, totalizando 200 MVA de pot\u00eancia, localizada no Munic\u00edpio do Recife, Estado de Pernambuco. A referida subesta\u00e7\u00e3o dever\u00e1 entrar em opera\u00e7\u00e3o at\u00e9 31 de dezembro de 2001.<\/p>\n<p>5. PCH &#8211; Autoriza\u00e7\u00e3o, com fins de regulariza\u00e7\u00e3o, para a Agropecu\u00e1ria Maggi Ltda. estabelecer-se como Produtor Independente de Energia El\u00e9trica mediante a explora\u00e7\u00e3o do potencial hidr\u00e1ulico da Pequena Central Hidrel\u00e9trica (PCH) Santa L\u00facia, com 5 MW de pot\u00eancia instalada, localizada no rio Juruena, Munic\u00edpio de Sapezal, Estado de Mato Grosso, e das instala\u00e7\u00f5es de interesse restrito da central geradora constitu\u00eddas de subesta\u00e7\u00e3o da usina com capacidade de 5,6 MVA, 2,3-3,8\/34,5 kV, e uma linha de transmiss\u00e3o de 350 km de extens\u00e3o em 34,5 kV, circuito simples. <\/p>\n<p>6. Transfer\u00eancia &#8211; Transfer\u00eancia para a Boa Vista Energia S\/A das concess\u00f5es e autoriza\u00e7\u00f5es para a gera\u00e7\u00e3o e distribui\u00e7\u00e3o de energia el\u00e9trica e respectivos sistemas de transmiss\u00e3o associados, de que \u00e9 titular a Centrais El\u00e9tricas do Norte do Brasil ? ELETRONORTE, referentes ao sistema isolado de Boa Vista, no estado de Roraima. <\/p>\n<p>7. Novas linhas &#8211; Sum\u00e1rio do edital de leil\u00e3o, a ser realizado na Bolsa de Valores do Rio de Janeiro ? BVRJ, para a outorga de servi\u00e7os p\u00fablicos de transmiss\u00e3o de energia el\u00e9trica das instala\u00e7\u00f5es de transmiss\u00e3o a seguir discriminadas:<br \/>\n? Grupo A ? Expans\u00e3o da Interliga\u00e7\u00e3o Sul ? Sudeste, compreendendo 328 km de linhas de transmiss\u00e3o em 500 kV, entre as subesta\u00e7\u00f5es de Bateias (da COPEL, no Paran\u00e1) e Ibi\u00fana (FURNAS) e demais instala\u00e7\u00f5es associadas.<br \/>\n? Grupo B ? Linha de Transmiss\u00e3o com 323 km de extens\u00e3o em 500 kV entre as subesta\u00e7\u00f5es de Tucuru\u00ed e Vila do Conde (ambas da Eletronorte, no Par\u00e1) e demais instala\u00e7\u00f5es associadas.<br \/>\n? Grupo C ? Expans\u00e3o da Interliga\u00e7\u00e3o Norte ? Nordeste, compreendendo 920 km de linhas de transmiss\u00e3o em 500 kV, entre as subesta\u00e7\u00f5es de Tucuru\u00ed Amplia\u00e7\u00e3o (da Eletronorte, no Par\u00e1) e Presidente Dutra (da Eletronorte, no Maranh\u00e3o) e demais instala\u00e7\u00f5es associadas.<\/p>\n<p>Obs.: Aprovado o encaminhamento da referida proposta de licita\u00e7\u00e3o ao Minist\u00e9rio de Minas e Energia (MME) para que o assunto seja submetido ao Conselho Nacional de Desestatiza\u00e7\u00e3o (CND). <\/p>\n<p>8. Revoga\u00e7\u00e3o &#8211; Revoga\u00e7\u00e3o da autoriza\u00e7\u00e3o de instala\u00e7\u00e3o da UTE S\u00e3o Lu\u00eds, localizada no Munic\u00edpio de S\u00e3o Lu\u00eds, Estado do Maranh\u00e3o.<\/p>\n<p>9. Medi\u00e7\u00e3o ? A ANEEL est\u00e1 mediando conflito entre a Belga Mineira Participa\u00e7\u00f5es (BMP) e a Companhia Energ\u00e9tica de Minas Gerais (CEMIG) para elimina\u00e7\u00e3o do Efeito Flicker em Juiz de Fora (MG). A BMP possui uma usina de sucata onde s\u00e3o derretidos metais. Para a fus\u00e3o dessa sucata, a sider\u00fargica utiliza um forno a arco, que produz varia\u00e7\u00e3o na tens\u00e3o da rede el\u00e9trica, atingindo os consumidores de Juiz de Fora. Esse efeito provoca cintila\u00e7\u00e3o luminosa. A ANEEL est\u00e1 mediando o conflito, exigindo que a CEMIG tome provid\u00eancias para minimizar esse efeito, colocando em padr\u00f5es internacionais.<\/p>\n<p>? Tarifas das Geradoras (ver Nota \u00e0 Imprensa anexa):<\/p>\n<p>1. Tiet\u00ea &#8211; Homologa\u00e7\u00e3o das tarifas do Contrato Inicial de compra e venda de energia el\u00e9trica entre a Companhia de Gera\u00e7\u00e3o de Energia El\u00e9trica Tiet\u00ea ? CGEET e a Bandeirante Energia S\/A. As tarifas com vig\u00eancia a partir de 11 de outubro de 2000 refletem a inclus\u00e3o do Fator de Reajuste (3,26%) e do Ajuste de 7 de agosto de 2000 (0,13%). <\/p>\n<p>2. Paranapanema &#8211; Homologa\u00e7\u00e3o das tarifas do Contrato Inicial de compra e venda de energia el\u00e9trica entre a Duke Energy International, Gera\u00e7\u00e3o Paranapanema S\/A e a Bandeirante Energia S\/A. As tarifas com vig\u00eancia a partir de 11 de outubro de 2000 refletem a inclus\u00e3o do Fator de Reajuste (3,37%) e do Ajuste de 7 de agosto de 2000 (0,13%). <\/p>\n<p>3. EMAE &#8211; Homologa\u00e7\u00e3o das tarifas do Contrato Inicial de compra e venda de energia el\u00e9trica entre a Empresa Metropolitana de \u00c1guas e Energia S\/A &#8211; EMAE e a Bandeirante Energia S\/A. As tarifas com vig\u00eancia a partir de 11 de outubro de 2000 refletem a inclus\u00e3o do Fator de Reajuste (3,38%) e do Ajuste de 7 de agosto de 2000 (0,15%).<\/p>\n<p>4. CESP &#8211; Homologa\u00e7\u00e3o das tarifas do Contrato Inicial de compra e venda de energia el\u00e9trica entre a Companhia Energ\u00e9tica de S\u00e3o Paulo ? CESP e a Bandeirante Energia S\/A. As tarifas com vig\u00eancia a partir de 11 de outubro de 2000 refletem a inclus\u00e3o do Fator de Reajuste (3,27%) e do Ajuste de 7 de agosto de 2000 (0,14%).<\/p>\n","protected":false},"excerpt":{"rendered":"<p>Fonte: ANEELExtrato da Reuni\u00e3o Ordin\u00e1ria da Diretoria da ANEEL Realizada ontem, 10 de outubro de 2000 1. Conv\u00eanio ? ANEEL inicia uma fiscaliza\u00e7\u00e3o especial para aferir a precis\u00e3o dos medidores de energia el\u00e9trica, por amostragem, em conv\u00eanio com o Inmetro (ver Nota \u00e0 Imprensa anexa). 2. Teleconfer\u00eancia ? Consumidores e concession\u00e1rias de energia el\u00e9trica ter\u00e3o [&hellip;]<\/p>\n","protected":false},"author":4,"featured_media":0,"comment_status":"open","ping_status":"open","sticky":false,"template":"","format":"standard","meta":[],"categories":[],"tags":[],"_links":{"self":[{"href":"http:\/\/sindenergia.com.br\/seminario\/index.php?rest_route=\/wp\/v2\/posts\/16282"}],"collection":[{"href":"http:\/\/sindenergia.com.br\/seminario\/index.php?rest_route=\/wp\/v2\/posts"}],"about":[{"href":"http:\/\/sindenergia.com.br\/seminario\/index.php?rest_route=\/wp\/v2\/types\/post"}],"author":[{"embeddable":true,"href":"http:\/\/sindenergia.com.br\/seminario\/index.php?rest_route=\/wp\/v2\/users\/4"}],"replies":[{"embeddable":true,"href":"http:\/\/sindenergia.com.br\/seminario\/index.php?rest_route=%2Fwp%2Fv2%2Fcomments&post=16282"}],"version-history":[{"count":0,"href":"http:\/\/sindenergia.com.br\/seminario\/index.php?rest_route=\/wp\/v2\/posts\/16282\/revisions"}],"wp:attachment":[{"href":"http:\/\/sindenergia.com.br\/seminario\/index.php?rest_route=%2Fwp%2Fv2%2Fmedia&parent=16282"}],"wp:term":[{"taxonomy":"category","embeddable":true,"href":"http:\/\/sindenergia.com.br\/seminario\/index.php?rest_route=%2Fwp%2Fv2%2Fcategories&post=16282"},{"taxonomy":"post_tag","embeddable":true,"href":"http:\/\/sindenergia.com.br\/seminario\/index.php?rest_route=%2Fwp%2Fv2%2Ftags&post=16282"}],"curies":[{"name":"wp","href":"https:\/\/api.w.org\/{rel}","templated":true}]}}