{"id":16254,"date":"2000-12-04T12:00:00","date_gmt":"2015-03-22T16:00:00","guid":{"rendered":""},"modified":"-0001-11-30T00:00:00","modified_gmt":"-0001-11-30T04:00:00","slug":"ANEEL-461","status":"publish","type":"post","link":"http:\/\/sindenergia.com.br\/seminario\/?p=16254","title":{"rendered":"Fiscais da ANEEL investigam causas de desligamento de energia em Goi\u00e1s"},"content":{"rendered":"<p><b>Fonte: <\/b><a href='http:\/\/www.aneel.gov.br\/aplicacoes\/noticias\/Output_Noticias.cfm?Identidade=461&#038;id_area=90'><b>ANEEL<\/b><\/a>Fiscais da ANEEL investigam causas<br \/>\nde desligamento de energia em Goi\u00e1s <\/p>\n<p>Fiscais da Ag\u00eancia Nacional de Energia El\u00e9trica (ANEEL) encontram-se, neste momento, na Subesta\u00e7\u00e3o Bras\u00edlia-Sul, em Samambaia-DF, investigando as causas da falta de energia que afetou, desde a noite de ontem (domingo) at\u00e9 agora h\u00e1 pouco, alguns munic\u00edpios goianos localizados na Regi\u00e3o do Entorno do Distrito Federal, entre eles Luzi\u00e2nia, Valpara\u00edso de Goi\u00e1s, Cristalina, Novo Gama e Cidade Ocidental.<br \/>\nSegundo levantamentos da Companhia Energ\u00e9tica de Goi\u00e1s (Celg), o desligamento aconteceu devido ao rompimento de um cabo de energia ligando a Subesta\u00e7\u00e3o Bras\u00edlia-Sul, de propriedade de Furnas Centrais El\u00e9tricas, at\u00e9 a Subesta\u00e7\u00e3o Marajoara, pertencente \u00e0 rede de distribui\u00e7\u00e3o da Celg. A ANEEL j\u00e1 determinou \u00e0 distribuidora goiana que encaminhe, em at\u00e9 10 dias, relat\u00f3rio detalhado sobre a interrup\u00e7\u00e3o do fornecimento de energia de ontem.<br \/>\nEntre as informa\u00e7\u00f5es solicitadas pela ANEEL, destacam-se as causas da interrup\u00e7\u00e3o,  abrang\u00eancia do desligamento, o montante de carga interrompida, o tempo total de interrup\u00e7\u00e3o, dificuldades encontradas na recomposi\u00e7\u00e3o do sistema e a\u00e7\u00f5es preventivas para que novas ocorr\u00eancias dessa natureza n\u00e3o voltem a acontecer.<br \/>\nA falta de energia se iniciou \u00e0s 20:30h e foi restabelecida por volta das 10h de hoje. ?O incidente ocorreu na linha de transmiss\u00e3o da Celg. Queremos saber, de fato, o que provocou o acidente: se falta de manuten\u00e7\u00e3o ou falha no equipamento?, destacou o superintendente de Fiscaliza\u00e7\u00e3o dos Servi\u00e7os de Eletricidade, H\u00e9lio Puttini J\u00fanior.<br \/>\nComo prev\u00ea a legisla\u00e7\u00e3o do setor el\u00e9trico, os consumidores que tenham tido preju\u00edzos pela interrup\u00e7\u00e3o de energia de ontem devem procurar a distribuidora da regi\u00e3o (Celg) para solicitar o ressarcimento por eventuais danos. Devido \u00e0 proximidade com o Distrito Federal, e por desconhecimento da localiza\u00e7\u00e3o exata do problema, muitos consumidores est\u00e3o entrando em contato com a Companhia Energ\u00e9tica de Bras\u00edlia (CEB), que n\u00e3o tem nenhuma responsabilidade sobre a falha de energia.<\/p>\n","protected":false},"excerpt":{"rendered":"<p>Fonte: ANEELFiscais da ANEEL investigam causas de desligamento de energia em Goi\u00e1s Fiscais da Ag\u00eancia Nacional de Energia El\u00e9trica (ANEEL) encontram-se, neste momento, na Subesta\u00e7\u00e3o Bras\u00edlia-Sul, em Samambaia-DF, investigando as causas da falta de energia que afetou, desde a noite de ontem (domingo) at\u00e9 agora h\u00e1 pouco, alguns munic\u00edpios goianos localizados na Regi\u00e3o do Entorno [&hellip;]<\/p>\n","protected":false},"author":4,"featured_media":0,"comment_status":"open","ping_status":"open","sticky":false,"template":"","format":"standard","meta":[],"categories":[],"tags":[],"_links":{"self":[{"href":"http:\/\/sindenergia.com.br\/seminario\/index.php?rest_route=\/wp\/v2\/posts\/16254"}],"collection":[{"href":"http:\/\/sindenergia.com.br\/seminario\/index.php?rest_route=\/wp\/v2\/posts"}],"about":[{"href":"http:\/\/sindenergia.com.br\/seminario\/index.php?rest_route=\/wp\/v2\/types\/post"}],"author":[{"embeddable":true,"href":"http:\/\/sindenergia.com.br\/seminario\/index.php?rest_route=\/wp\/v2\/users\/4"}],"replies":[{"embeddable":true,"href":"http:\/\/sindenergia.com.br\/seminario\/index.php?rest_route=%2Fwp%2Fv2%2Fcomments&post=16254"}],"version-history":[{"count":0,"href":"http:\/\/sindenergia.com.br\/seminario\/index.php?rest_route=\/wp\/v2\/posts\/16254\/revisions"}],"wp:attachment":[{"href":"http:\/\/sindenergia.com.br\/seminario\/index.php?rest_route=%2Fwp%2Fv2%2Fmedia&parent=16254"}],"wp:term":[{"taxonomy":"category","embeddable":true,"href":"http:\/\/sindenergia.com.br\/seminario\/index.php?rest_route=%2Fwp%2Fv2%2Fcategories&post=16254"},{"taxonomy":"post_tag","embeddable":true,"href":"http:\/\/sindenergia.com.br\/seminario\/index.php?rest_route=%2Fwp%2Fv2%2Ftags&post=16254"}],"curies":[{"name":"wp","href":"https:\/\/api.w.org\/{rel}","templated":true}]}}